{"id":4369,"date":"2023-05-29T08:30:22","date_gmt":"2023-05-29T05:30:22","guid":{"rendered":"https:\/\/sfpturkiye.com\/blog\/?p=4369"},"modified":"2023-05-08T16:34:59","modified_gmt":"2023-05-08T13:34:59","slug":"29-mayis-istanbulun-fethi-2","status":"publish","type":"post","link":"https:\/\/sfpturkiye.com\/blog\/29-mayis-istanbulun-fethi-2\/","title":{"rendered":"29 MAYIS \u0130STANBUL&#8217;UN FETH\u0130"},"content":{"rendered":"<p>T\u00fcrk ve D\u00fcnya tarihinde d\u00f6n\u00fcm noktas\u0131 olan, k\u00f6kl\u00fc medeniyetimizin insanl\u0131k tarihine damgas\u0131n\u0131 vurdu\u011fu \u0130stanbul\u2019un fethinin 570. Y\u0131l d\u00f6n\u00fcm\u00fcnde fetheden Fatih Sultan Mehmet Han\u2019\u0131 ve tarihin her d\u00f6neminde destan yazan Aziz \u015eehitlerimizi minnet ve rahmetle an\u0131yoruz.<\/p>\n<p>&nbsp;<\/p>\n<p>\u0130stanbul&#8217;un Fethi\u00a029 May\u0131s 1453 tarihinde d\u00f6nemin Osmanl\u0131 padi\u015fah\u0131 21 ya\u015f\u0131ndaki Fatih Sultan Mehmet (Sultan 2. Mehmet) ve komutas\u0131ndaki Yeni\u00e7eri Ordusu taraf\u0131ndan ger\u00e7ekle\u015ftirilmi\u015ftir. 6 Nisan 1453 tarihinde Osmanl\u0131 Ordusu taraf\u0131ndan ku\u015fat\u0131lan \u0130stanbul, 53 g\u00fcnl\u00fck ku\u015fatman\u0131n ard\u0131ndan fethedilmi\u015ftir.<\/p>\n<p>&nbsp;<\/p>\n<p>Fatih Sultan Mehmet ve komutas\u0131ndaki askerler,\u00a0Bizans \u0130mparatorlu\u011fu\u00a0lideri XI. Konstantinos ve ordusuna kar\u015f\u0131 m\u00fccadele etmi\u015ftir. \u0130stanbul&#8217;un Fethi&#8217;nin ard\u0131ndan Osmanl\u0131 \u0130mparatorlu\u011fu&#8217;nun yeni ba\u015fkenti \u0130stanbul olmu\u015ftur.<\/p>\n<p>&nbsp;<\/p>\n<p><a href=\"https:\/\/www.sfpturkiye.com\">https:\/\/www.sfpturkiye.com<\/a><\/p>\n<p><a href=\"http:\/\/sfpturkey.com.tr\">http:\/\/sfpturkey.com.tr<\/a><\/p>\n<p><a href=\"mailto:satis@sfpturkey.com.tr\">satis@sfpturkey.com.tr<\/a><\/p>\n<p><a href=\"mailto:info@sfpturkey.com.tr\">info@sfpturkey.com.tr<\/a><\/p>\n<p><a href=\"https:\/\/gigacomturkey.com\">https:\/\/gigacomturkey.com<\/a><\/p>\n<p><a href=\"https:\/\/gemaxxnetwork.com\">https:\/\/gemaxxnetwork.com<\/a><\/p>\n<p>02122705732 &#8211; 02122705737<\/p>\n<p>&nbsp;<\/p>\n<div class=\"flex-1 overflow-hidden\">\n<div class=\"react-scroll-to-bottom--css-waauf-79elbk h-full dark:bg-gray-800\">\n<div class=\"react-scroll-to-bottom--css-waauf-1n7m0yu\">\n<div class=\"flex flex-col items-center text-sm dark:bg-gray-800\">\n<div class=\"group w-full text-gray-800 dark:text-gray-100 border-b border-black\/10 dark:border-gray-900\/50 bg-gray-50 dark:bg-[#444654]\">\n<div class=\"flex p-4 gap-4 text-base md:gap-6 md:max-w-2xl lg:max-w-xl xl:max-w-3xl md:py-6 lg:px-0 m-auto\">\n<div class=\"relative flex flex-col w-[calc(100%-50px)] gap-1 md:gap-3 lg:w-[calc(100%-115px)]\">\n<div class=\"flex flex-grow flex-col gap-3\">\n<div class=\"min-h-[20px] flex flex-col items-start gap-4 whitespace-pre-wrap break-words\">\n<div class=\"markdown prose w-full break-words dark:prose-invert light\">\n<p>#istanbulunfethi #fetih1453 #fatihin\u015fehri #tarihikazan\u0131m #fethintarihi #fetihkutluolsun #fatihinmiras\u0131 #tarihinizinde\u011fi\u015fim #fethinco\u015fkusu #fatihsultanmehmet<\/p>\n<\/div>\n<\/div>\n<\/div>\n<\/div>\n<\/div>\n<\/div>\n<\/div>\n<\/div>\n<\/div>\n<\/div>\n","protected":false},"excerpt":{"rendered":"<p>T\u00fcrk ve D\u00fcnya tarihinde d\u00f6n\u00fcm noktas\u0131 olan, k\u00f6kl\u00fc medeniyetimizin insanl\u0131k tarihine damgas\u0131n\u0131 vurdu\u011fu \u0130stanbul\u2019un fethinin 570. Y\u0131l d\u00f6n\u00fcm\u00fcnde fetheden Fatih Sultan Mehmet&hellip;<\/p>\n","protected":false},"author":2,"featured_media":4354,"comment_status":"open","ping_status":"open","sticky":false,"template":"","format":"standard","meta":[],"categories":[1],"tags":[1560,1556,1563,1562,1558,1555,1559,1554,951,304,1557,1561],"yoast_head":"<!-- This site is optimized with the Yoast SEO plugin v16.6.1 - https:\/\/yoast.com\/wordpress\/plugins\/seo\/ -->\n<title>29 MAYIS \u0130STANBUL&#039;UN FETH\u0130 - SFPT\u00fcrkiye<\/title>\n<meta name=\"description\" content=\"Sunucular\u0131\u00a0veri depolama alan\u0131 a\u011f\u0131na (SAN-Storage Area Network)\u00a0ba\u011flamak i\u00e7in kullan\u0131lan y\u00fcksek h\u0131zl\u0131 bir a\u011f teknolojisidir.\u00a0Bir\u00e7ok kurumsal a\u011fdaki uygulamalar i\u00e7in y\u00fcksek performansl\u0131 disk depolamay\u0131 y\u00f6netir.\" \/>\n<meta name=\"robots\" content=\"index, follow, max-snippet:-1, max-image-preview:large, max-video-preview:-1\" \/>\n<link rel=\"canonical\" href=\"https:\/\/sfpturkiye.com\/blog\/29-mayis-istanbulun-fethi-2\/\" \/>\n<meta property=\"og:locale\" content=\"tr_TR\" \/>\n<meta property=\"og:type\" content=\"article\" \/>\n<meta property=\"og:title\" content=\"29 MAYIS \u0130STANBUL&#039;UN FETH\u0130 - SFPT\u00fcrkiye\" \/>\n<meta property=\"og:description\" content=\"Sunucular\u0131\u00a0veri depolama alan\u0131 a\u011f\u0131na (SAN-Storage Area Network)\u00a0ba\u011flamak i\u00e7in kullan\u0131lan y\u00fcksek h\u0131zl\u0131 bir a\u011f teknolojisidir.\u00a0Bir\u00e7ok kurumsal a\u011fdaki uygulamalar i\u00e7in y\u00fcksek performansl\u0131 disk depolamay\u0131 y\u00f6netir.\" \/>\n<meta property=\"og:url\" content=\"https:\/\/sfpturkiye.com\/blog\/29-mayis-istanbulun-fethi-2\/\" \/>\n<meta property=\"og:site_name\" content=\"SFPT\u00fcrkiye\" \/>\n<meta property=\"article:published_time\" content=\"2023-05-29T05:30:22+00:00\" \/>\n<meta property=\"article:modified_time\" content=\"2023-05-08T13:34:59+00:00\" \/>\n<meta property=\"og:image\" content=\"https:\/\/sfpturkiye.com\/blog\/wp-content\/uploads\/2023\/05\/29-Mayis-istanbulun-fethi.jpg\" \/>\n\t<meta property=\"og:image:width\" content=\"1920\" \/>\n\t<meta property=\"og:image:height\" content=\"1080\" \/>\n<meta name=\"twitter:card\" content=\"summary_large_image\" \/>\n<meta name=\"twitter:label1\" content=\"Tahmini okuma s\u00fcresi\" \/>\n\t<meta name=\"twitter:data1\" content=\"1 dakika\" \/>\n<script type=\"application\/ld+json\" class=\"yoast-schema-graph\">{\"@context\":\"https:\/\/schema.org\",\"@graph\":[{\"@type\":\"Organization\",\"@id\":\"https:\/\/sfpturkiye.com\/blog\/#organization\",\"name\":\"SFP T\\u00fcrkiye\",\"url\":\"https:\/\/sfpturkiye.com\/blog\/\",\"sameAs\":[],\"logo\":{\"@type\":\"ImageObject\",\"@id\":\"https:\/\/sfpturkiye.com\/blog\/#logo\",\"inLanguage\":\"tr\",\"url\":\"https:\/\/sfpturkiye.com\/blog\/wp-content\/uploads\/2019\/08\/sfpturkiyelogo.png\",\"contentUrl\":\"https:\/\/sfpturkiye.com\/blog\/wp-content\/uploads\/2019\/08\/sfpturkiyelogo.png\",\"width\":3500,\"height\":750,\"caption\":\"SFP T\\u00fcrkiye\"},\"image\":{\"@id\":\"https:\/\/sfpturkiye.com\/blog\/#logo\"}},{\"@type\":\"WebSite\",\"@id\":\"https:\/\/sfpturkiye.com\/blog\/#website\",\"url\":\"https:\/\/sfpturkiye.com\/blog\/\",\"name\":\"SFPT\\u00fcrkiye\",\"description\":\"SFP \\u00c7\\u00f6z\\u00fcm Merkeziniz\",\"publisher\":{\"@id\":\"https:\/\/sfpturkiye.com\/blog\/#organization\"},\"potentialAction\":[{\"@type\":\"SearchAction\",\"target\":{\"@type\":\"EntryPoint\",\"urlTemplate\":\"https:\/\/sfpturkiye.com\/blog\/?s={search_term_string}\"},\"query-input\":\"required name=search_term_string\"}],\"inLanguage\":\"tr\"},{\"@type\":\"ImageObject\",\"@id\":\"https:\/\/sfpturkiye.com\/blog\/29-mayis-istanbulun-fethi-2\/#primaryimage\",\"inLanguage\":\"tr\",\"url\":\"https:\/\/sfpturkiye.com\/blog\/wp-content\/uploads\/2023\/05\/29-Mayis-istanbulun-fethi.jpg\",\"contentUrl\":\"https:\/\/sfpturkiye.com\/blog\/wp-content\/uploads\/2023\/05\/29-Mayis-istanbulun-fethi.jpg\",\"width\":1920,\"height\":1080},{\"@type\":\"WebPage\",\"@id\":\"https:\/\/sfpturkiye.com\/blog\/29-mayis-istanbulun-fethi-2\/#webpage\",\"url\":\"https:\/\/sfpturkiye.com\/blog\/29-mayis-istanbulun-fethi-2\/\",\"name\":\"29 MAYIS \\u0130STANBUL'UN FETH\\u0130 - SFPT\\u00fcrkiye\",\"isPartOf\":{\"@id\":\"https:\/\/sfpturkiye.com\/blog\/#website\"},\"primaryImageOfPage\":{\"@id\":\"https:\/\/sfpturkiye.com\/blog\/29-mayis-istanbulun-fethi-2\/#primaryimage\"},\"datePublished\":\"2023-05-29T05:30:22+00:00\",\"dateModified\":\"2023-05-08T13:34:59+00:00\",\"description\":\"Sunucular\\u0131\\u00a0veri depolama alan\\u0131 a\\u011f\\u0131na (SAN-Storage Area Network)\\u00a0ba\\u011flamak i\\u00e7in kullan\\u0131lan y\\u00fcksek h\\u0131zl\\u0131 bir a\\u011f teknolojisidir.\\u00a0Bir\\u00e7ok kurumsal a\\u011fdaki uygulamalar i\\u00e7in y\\u00fcksek performansl\\u0131 disk depolamay\\u0131 y\\u00f6netir.\",\"breadcrumb\":{\"@id\":\"https:\/\/sfpturkiye.com\/blog\/29-mayis-istanbulun-fethi-2\/#breadcrumb\"},\"inLanguage\":\"tr\",\"potentialAction\":[{\"@type\":\"ReadAction\",\"target\":[\"https:\/\/sfpturkiye.com\/blog\/29-mayis-istanbulun-fethi-2\/\"]}]},{\"@type\":\"BreadcrumbList\",\"@id\":\"https:\/\/sfpturkiye.com\/blog\/29-mayis-istanbulun-fethi-2\/#breadcrumb\",\"itemListElement\":[{\"@type\":\"ListItem\",\"position\":1,\"name\":\"Ana sayfa\",\"item\":\"https:\/\/sfpturkiye.com\/blog\/\"},{\"@type\":\"ListItem\",\"position\":2,\"name\":\"29 MAYIS \\u0130STANBUL&#8217;UN FETH\\u0130\"}]},{\"@type\":\"Article\",\"@id\":\"https:\/\/sfpturkiye.com\/blog\/29-mayis-istanbulun-fethi-2\/#article\",\"isPartOf\":{\"@id\":\"https:\/\/sfpturkiye.com\/blog\/29-mayis-istanbulun-fethi-2\/#webpage\"},\"author\":{\"@id\":\"https:\/\/sfpturkiye.com\/blog\/#\/schema\/person\/24be1134d2b6cdbd69bc0b077684d1bc\"},\"headline\":\"29 MAYIS \\u0130STANBUL&#8217;UN FETH\\u0130\",\"datePublished\":\"2023-05-29T05:30:22+00:00\",\"dateModified\":\"2023-05-08T13:34:59+00:00\",\"mainEntityOfPage\":{\"@id\":\"https:\/\/sfpturkiye.com\/blog\/29-mayis-istanbulun-fethi-2\/#webpage\"},\"wordCount\":176,\"commentCount\":0,\"publisher\":{\"@id\":\"https:\/\/sfpturkiye.com\/blog\/#organization\"},\"image\":{\"@id\":\"https:\/\/sfpturkiye.com\/blog\/29-mayis-istanbulun-fethi-2\/#primaryimage\"},\"thumbnailUrl\":\"https:\/\/sfpturkiye.com\/blog\/wp-content\/uploads\/2023\/05\/29-Mayis-istanbulun-fethi.jpg\",\"keywords\":[\"fatihinmiras\\u0131\",\"fatihin\\u015fehri\",\"fatihsultanmehmet\",\"fethinco\\u015fkusu\",\"fethintarihi\",\"fetih1453\",\"fetihkutluolsun\",\"istanbulunfethi\",\"sfpturkey\",\"sfpturkiye\",\"tarihikazan\\u0131m\",\"tarihinizinde\\u011fi\\u015fim\"],\"articleSection\":[\"\\u00d6zel G\\u00fcnler\"],\"inLanguage\":\"tr\",\"potentialAction\":[{\"@type\":\"CommentAction\",\"name\":\"Comment\",\"target\":[\"https:\/\/sfpturkiye.com\/blog\/29-mayis-istanbulun-fethi-2\/#respond\"]}]},{\"@type\":\"Person\",\"@id\":\"https:\/\/sfpturkiye.com\/blog\/#\/schema\/person\/24be1134d2b6cdbd69bc0b077684d1bc\",\"name\":\"SFPTurkiye Editor\",\"image\":{\"@type\":\"ImageObject\",\"@id\":\"https:\/\/sfpturkiye.com\/blog\/#personlogo\",\"inLanguage\":\"tr\",\"url\":\"https:\/\/secure.gravatar.com\/avatar\/8e9bce5c5d49831abd07d7dadf1c549f?s=96&d=blank&r=g\",\"contentUrl\":\"https:\/\/secure.gravatar.com\/avatar\/8e9bce5c5d49831abd07d7dadf1c549f?s=96&d=blank&r=g\",\"caption\":\"SFPTurkiye Editor\"},\"sameAs\":[\"http:\/\/www.sfpturkiye.com\"],\"url\":\"https:\/\/sfpturkiye.com\/blog\/author\/teknik\/\"}]}<\/script>\n<!-- \/ Yoast SEO plugin. -->","_links":{"self":[{"href":"https:\/\/sfpturkiye.com\/blog\/wp-json\/wp\/v2\/posts\/4369"}],"collection":[{"href":"https:\/\/sfpturkiye.com\/blog\/wp-json\/wp\/v2\/posts"}],"about":[{"href":"https:\/\/sfpturkiye.com\/blog\/wp-json\/wp\/v2\/types\/post"}],"author":[{"embeddable":true,"href":"https:\/\/sfpturkiye.com\/blog\/wp-json\/wp\/v2\/users\/2"}],"replies":[{"embeddable":true,"href":"https:\/\/sfpturkiye.com\/blog\/wp-json\/wp\/v2\/comments?post=4369"}],"version-history":[{"count":2,"href":"https:\/\/sfpturkiye.com\/blog\/wp-json\/wp\/v2\/posts\/4369\/revisions"}],"predecessor-version":[{"id":4371,"href":"https:\/\/sfpturkiye.com\/blog\/wp-json\/wp\/v2\/posts\/4369\/revisions\/4371"}],"wp:featuredmedia":[{"embeddable":true,"href":"https:\/\/sfpturkiye.com\/blog\/wp-json\/wp\/v2\/media\/4354"}],"wp:attachment":[{"href":"https:\/\/sfpturkiye.com\/blog\/wp-json\/wp\/v2\/media?parent=4369"}],"wp:term":[{"taxonomy":"category","embeddable":true,"href":"https:\/\/sfpturkiye.com\/blog\/wp-json\/wp\/v2\/categories?post=4369"},{"taxonomy":"post_tag","embeddable":true,"href":"https:\/\/sfpturkiye.com\/blog\/wp-json\/wp\/v2\/tags?post=4369"}],"curies":[{"name":"wp","href":"https:\/\/api.w.org\/{rel}","templated":true}]}}