{"id":5735,"date":"2025-09-15T09:00:12","date_gmt":"2025-09-15T06:00:12","guid":{"rendered":"https:\/\/sfpturkiye.com\/blog\/?p=5735"},"modified":"2025-08-19T14:59:50","modified_gmt":"2025-08-19T11:59:50","slug":"uluslararasi-demokrasi-gunu","status":"publish","type":"post","link":"https:\/\/sfpturkiye.com\/blog\/uluslararasi-demokrasi-gunu\/","title":{"rendered":"Uluslararas\u0131 Demokrasi G\u00fcn\u00fc"},"content":{"rendered":"<p>Demokrasi; \u00f6zg\u00fcrl\u00fck, e\u015fitlik ve kat\u0131l\u0131m\u0131n temelidir. Toplumlar\u0131n geli\u015fimi ve bireylerin haklar\u0131n\u0131 g\u00fcvence alt\u0131na alabilmesi i\u00e7in g\u00fc\u00e7l\u00fc demokratik de\u011ferler vazge\u00e7ilmezdir. Sfpturkey olarak; adil, \u015feffaf ve kat\u0131l\u0131mc\u0131 bir toplumun in\u015fas\u0131 i\u00e7in demokrasiyi destekliyor, insan haklar\u0131na ve ifade \u00f6zg\u00fcrl\u00fc\u011f\u00fcne olan ba\u011fl\u0131l\u0131\u011f\u0131m\u0131z\u0131 vurguluyoruz.<\/p>\n<p>Demokrasi, hep birlikte sahip \u00e7\u0131kmam\u0131z gereken ortak bir de\u011ferdir.<\/p>\n<p><a href=\"https:\/\/www.sfpturkiye.com\/\">https:\/\/www.sfpturkiye.com<\/a><\/p>\n<p><a href=\"http:\/\/sfpturkey.com.tr\/\">http:\/\/sfpturkey.com.tr<\/a><\/p>\n<p><a href=\"mailto:satis@sfpturkey.com.tr\">satis@sfpturkey.com.tr<\/a><\/p>\n<p><a href=\"mailto:info@sfpturkey.com.tr\">info@sfpturkey.com.tr<\/a><\/p>\n<p><a href=\"https:\/\/gigacomturkey.com\/\">https:\/\/gigacomturkey.com<\/a><\/p>\n<p><a href=\"https:\/\/gemaxxnetwork.com\/\">https:\/\/gemaxxnetwork.com<\/a><\/p>\n<p>02122705732 \u2013 02122705737<\/p>\n<p>&nbsp;<\/p>\n<p>#Uluslararas\u0131DemokrasiG\u00fcn\u00fc #15Eyl\u00fcl #Demokrasi\u0130\u00e7in #Kat\u0131l\u0131mc\u0131Toplum<\/p>\n","protected":false},"excerpt":{"rendered":"<p>Demokrasi; \u00f6zg\u00fcrl\u00fck, e\u015fitlik ve kat\u0131l\u0131m\u0131n temelidir. Toplumlar\u0131n geli\u015fimi ve bireylerin haklar\u0131n\u0131 g\u00fcvence alt\u0131na alabilmesi i\u00e7in g\u00fc\u00e7l\u00fc demokratik de\u011ferler vazge\u00e7ilmezdir. Sfpturkey olarak; adil,&hellip;<\/p>\n","protected":false},"author":2,"featured_media":5736,"comment_status":"open","ping_status":"open","sticky":false,"template":"","format":"standard","meta":[],"categories":[1],"tags":[3046,3047,3048,3045,252,156,2,9,951,304,538,16],"yoast_head":"<!-- This site is optimized with the Yoast SEO plugin v16.6.1 - https:\/\/yoast.com\/wordpress\/plugins\/seo\/ -->\n<title>Uluslararas\u0131 Demokrasi G\u00fcn\u00fc - SFPT\u00fcrkiye<\/title>\n<meta name=\"description\" content=\"Demokrasi; \u00f6zg\u00fcrl\u00fck, e\u015fitlik ve kat\u0131l\u0131m\u0131n temelidir. Toplumlar\u0131n geli\u015fimi ve bireylerin haklar\u0131n\u0131 g\u00fcvence alt\u0131na alabilmesi i\u00e7in g\u00fc\u00e7l\u00fc demokratik de\u011ferler vazge\u00e7ilmezdir. Sfpturkey olarak; adil, \u015feffaf ve kat\u0131l\u0131mc\u0131 bir toplumun in\u015fas\u0131 i\u00e7in demokrasiyi destekliyor, insan haklar\u0131na ve ifade \u00f6zg\u00fcrl\u00fc\u011f\u00fcne olan ba\u011fl\u0131l\u0131\u011f\u0131m\u0131z\u0131 vurguluyoruz.Demokrasi, hep birlikte sahip \u00e7\u0131kmam\u0131z gereken ortak bir de\u011ferdir.\" \/>\n<meta name=\"robots\" content=\"index, follow, max-snippet:-1, max-image-preview:large, max-video-preview:-1\" \/>\n<link rel=\"canonical\" href=\"https:\/\/sfpturkiye.com\/blog\/uluslararasi-demokrasi-gunu\/\" \/>\n<meta property=\"og:locale\" content=\"tr_TR\" \/>\n<meta property=\"og:type\" content=\"article\" \/>\n<meta property=\"og:title\" content=\"Uluslararas\u0131 Demokrasi G\u00fcn\u00fc - SFPT\u00fcrkiye\" \/>\n<meta property=\"og:description\" content=\"Demokrasi; \u00f6zg\u00fcrl\u00fck, e\u015fitlik ve kat\u0131l\u0131m\u0131n temelidir. Toplumlar\u0131n geli\u015fimi ve bireylerin haklar\u0131n\u0131 g\u00fcvence alt\u0131na alabilmesi i\u00e7in g\u00fc\u00e7l\u00fc demokratik de\u011ferler vazge\u00e7ilmezdir. Sfpturkey olarak; adil, \u015feffaf ve kat\u0131l\u0131mc\u0131 bir toplumun in\u015fas\u0131 i\u00e7in demokrasiyi destekliyor, insan haklar\u0131na ve ifade \u00f6zg\u00fcrl\u00fc\u011f\u00fcne olan ba\u011fl\u0131l\u0131\u011f\u0131m\u0131z\u0131 vurguluyoruz.Demokrasi, hep birlikte sahip \u00e7\u0131kmam\u0131z gereken ortak bir de\u011ferdir.\" \/>\n<meta property=\"og:url\" content=\"https:\/\/sfpturkiye.com\/blog\/uluslararasi-demokrasi-gunu\/\" \/>\n<meta property=\"og:site_name\" content=\"SFPT\u00fcrkiye\" \/>\n<meta property=\"article:published_time\" content=\"2025-09-15T06:00:12+00:00\" \/>\n<meta property=\"article:modified_time\" content=\"2025-08-19T11:59:50+00:00\" \/>\n<meta property=\"og:image\" content=\"https:\/\/sfpturkiye.com\/blog\/wp-content\/uploads\/2025\/08\/15-Eylu\u0308l-uluslararasi-demokrasi-gu\u0308nu\u0308.jpg\" \/>\n\t<meta property=\"og:image:width\" content=\"1080\" \/>\n\t<meta property=\"og:image:height\" content=\"1080\" \/>\n<meta name=\"twitter:card\" content=\"summary_large_image\" \/>\n<meta name=\"twitter:label1\" content=\"Tahmini okuma s\u00fcresi\" \/>\n\t<meta name=\"twitter:data1\" content=\"1 dakika\" \/>\n<script type=\"application\/ld+json\" class=\"yoast-schema-graph\">{\"@context\":\"https:\/\/schema.org\",\"@graph\":[{\"@type\":\"Organization\",\"@id\":\"https:\/\/sfpturkiye.com\/blog\/#organization\",\"name\":\"SFP T\\u00fcrkiye\",\"url\":\"https:\/\/sfpturkiye.com\/blog\/\",\"sameAs\":[],\"logo\":{\"@type\":\"ImageObject\",\"@id\":\"https:\/\/sfpturkiye.com\/blog\/#logo\",\"inLanguage\":\"tr\",\"url\":\"https:\/\/sfpturkiye.com\/blog\/wp-content\/uploads\/2019\/08\/sfpturkiyelogo.png\",\"contentUrl\":\"https:\/\/sfpturkiye.com\/blog\/wp-content\/uploads\/2019\/08\/sfpturkiyelogo.png\",\"width\":3500,\"height\":750,\"caption\":\"SFP T\\u00fcrkiye\"},\"image\":{\"@id\":\"https:\/\/sfpturkiye.com\/blog\/#logo\"}},{\"@type\":\"WebSite\",\"@id\":\"https:\/\/sfpturkiye.com\/blog\/#website\",\"url\":\"https:\/\/sfpturkiye.com\/blog\/\",\"name\":\"SFPT\\u00fcrkiye\",\"description\":\"SFP \\u00c7\\u00f6z\\u00fcm Merkeziniz\",\"publisher\":{\"@id\":\"https:\/\/sfpturkiye.com\/blog\/#organization\"},\"potentialAction\":[{\"@type\":\"SearchAction\",\"target\":{\"@type\":\"EntryPoint\",\"urlTemplate\":\"https:\/\/sfpturkiye.com\/blog\/?s={search_term_string}\"},\"query-input\":\"required name=search_term_string\"}],\"inLanguage\":\"tr\"},{\"@type\":\"ImageObject\",\"@id\":\"https:\/\/sfpturkiye.com\/blog\/uluslararasi-demokrasi-gunu\/#primaryimage\",\"inLanguage\":\"tr\",\"url\":\"https:\/\/sfpturkiye.com\/blog\/wp-content\/uploads\/2025\/08\/15-Eylu\\u0308l-uluslararasi-demokrasi-gu\\u0308nu\\u0308.jpg\",\"contentUrl\":\"https:\/\/sfpturkiye.com\/blog\/wp-content\/uploads\/2025\/08\/15-Eylu\\u0308l-uluslararasi-demokrasi-gu\\u0308nu\\u0308.jpg\",\"width\":1080,\"height\":1080},{\"@type\":\"WebPage\",\"@id\":\"https:\/\/sfpturkiye.com\/blog\/uluslararasi-demokrasi-gunu\/#webpage\",\"url\":\"https:\/\/sfpturkiye.com\/blog\/uluslararasi-demokrasi-gunu\/\",\"name\":\"Uluslararas\\u0131 Demokrasi G\\u00fcn\\u00fc - SFPT\\u00fcrkiye\",\"isPartOf\":{\"@id\":\"https:\/\/sfpturkiye.com\/blog\/#website\"},\"primaryImageOfPage\":{\"@id\":\"https:\/\/sfpturkiye.com\/blog\/uluslararasi-demokrasi-gunu\/#primaryimage\"},\"datePublished\":\"2025-09-15T06:00:12+00:00\",\"dateModified\":\"2025-08-19T11:59:50+00:00\",\"description\":\"Demokrasi; \\u00f6zg\\u00fcrl\\u00fck, e\\u015fitlik ve kat\\u0131l\\u0131m\\u0131n temelidir. Toplumlar\\u0131n geli\\u015fimi ve bireylerin haklar\\u0131n\\u0131 g\\u00fcvence alt\\u0131na alabilmesi i\\u00e7in g\\u00fc\\u00e7l\\u00fc demokratik de\\u011ferler vazge\\u00e7ilmezdir. Sfpturkey olarak; adil, \\u015feffaf ve kat\\u0131l\\u0131mc\\u0131 bir toplumun in\\u015fas\\u0131 i\\u00e7in demokrasiyi destekliyor, insan haklar\\u0131na ve ifade \\u00f6zg\\u00fcrl\\u00fc\\u011f\\u00fcne olan ba\\u011fl\\u0131l\\u0131\\u011f\\u0131m\\u0131z\\u0131 vurguluyoruz.Demokrasi, hep birlikte sahip \\u00e7\\u0131kmam\\u0131z gereken ortak bir de\\u011ferdir.\",\"breadcrumb\":{\"@id\":\"https:\/\/sfpturkiye.com\/blog\/uluslararasi-demokrasi-gunu\/#breadcrumb\"},\"inLanguage\":\"tr\",\"potentialAction\":[{\"@type\":\"ReadAction\",\"target\":[\"https:\/\/sfpturkiye.com\/blog\/uluslararasi-demokrasi-gunu\/\"]}]},{\"@type\":\"BreadcrumbList\",\"@id\":\"https:\/\/sfpturkiye.com\/blog\/uluslararasi-demokrasi-gunu\/#breadcrumb\",\"itemListElement\":[{\"@type\":\"ListItem\",\"position\":1,\"name\":\"Ana sayfa\",\"item\":\"https:\/\/sfpturkiye.com\/blog\/\"},{\"@type\":\"ListItem\",\"position\":2,\"name\":\"Uluslararas\\u0131 Demokrasi G\\u00fcn\\u00fc\"}]},{\"@type\":\"Article\",\"@id\":\"https:\/\/sfpturkiye.com\/blog\/uluslararasi-demokrasi-gunu\/#article\",\"isPartOf\":{\"@id\":\"https:\/\/sfpturkiye.com\/blog\/uluslararasi-demokrasi-gunu\/#webpage\"},\"author\":{\"@id\":\"https:\/\/sfpturkiye.com\/blog\/#\/schema\/person\/24be1134d2b6cdbd69bc0b077684d1bc\"},\"headline\":\"Uluslararas\\u0131 Demokrasi G\\u00fcn\\u00fc\",\"datePublished\":\"2025-09-15T06:00:12+00:00\",\"dateModified\":\"2025-08-19T11:59:50+00:00\",\"mainEntityOfPage\":{\"@id\":\"https:\/\/sfpturkiye.com\/blog\/uluslararasi-demokrasi-gunu\/#webpage\"},\"wordCount\":114,\"commentCount\":0,\"publisher\":{\"@id\":\"https:\/\/sfpturkiye.com\/blog\/#organization\"},\"image\":{\"@id\":\"https:\/\/sfpturkiye.com\/blog\/uluslararasi-demokrasi-gunu\/#primaryimage\"},\"thumbnailUrl\":\"https:\/\/sfpturkiye.com\/blog\/wp-content\/uploads\/2025\/08\/15-Eylu\\u0308l-uluslararasi-demokrasi-gu\\u0308nu\\u0308.jpg\",\"keywords\":[\"#15Eyl\\u00fcl\",\"#Demokrasi\\u0130\\u00e7in\",\"#Kat\\u0131l\\u0131mc\\u0131Toplum\",\"#Uluslararas\\u0131DemokrasiG\\u00fcn\\u00fc\",\"Patch Cord\",\"RJ45\",\"sfp\",\"sfp t\\u00fcrkiye\",\"sfpturkey\",\"sfpturkiye\",\"spft\\u00fcrkiye\",\"transceiver\"],\"articleSection\":[\"\\u00d6zel G\\u00fcnler\"],\"inLanguage\":\"tr\",\"potentialAction\":[{\"@type\":\"CommentAction\",\"name\":\"Comment\",\"target\":[\"https:\/\/sfpturkiye.com\/blog\/uluslararasi-demokrasi-gunu\/#respond\"]}]},{\"@type\":\"Person\",\"@id\":\"https:\/\/sfpturkiye.com\/blog\/#\/schema\/person\/24be1134d2b6cdbd69bc0b077684d1bc\",\"name\":\"SFPTurkiye Editor\",\"image\":{\"@type\":\"ImageObject\",\"@id\":\"https:\/\/sfpturkiye.com\/blog\/#personlogo\",\"inLanguage\":\"tr\",\"url\":\"https:\/\/secure.gravatar.com\/avatar\/8e9bce5c5d49831abd07d7dadf1c549f?s=96&d=blank&r=g\",\"contentUrl\":\"https:\/\/secure.gravatar.com\/avatar\/8e9bce5c5d49831abd07d7dadf1c549f?s=96&d=blank&r=g\",\"caption\":\"SFPTurkiye Editor\"},\"sameAs\":[\"http:\/\/www.sfpturkiye.com\"],\"url\":\"https:\/\/sfpturkiye.com\/blog\/author\/teknik\/\"}]}<\/script>\n<!-- \/ Yoast SEO plugin. -->","_links":{"self":[{"href":"https:\/\/sfpturkiye.com\/blog\/wp-json\/wp\/v2\/posts\/5735"}],"collection":[{"href":"https:\/\/sfpturkiye.com\/blog\/wp-json\/wp\/v2\/posts"}],"about":[{"href":"https:\/\/sfpturkiye.com\/blog\/wp-json\/wp\/v2\/types\/post"}],"author":[{"embeddable":true,"href":"https:\/\/sfpturkiye.com\/blog\/wp-json\/wp\/v2\/users\/2"}],"replies":[{"embeddable":true,"href":"https:\/\/sfpturkiye.com\/blog\/wp-json\/wp\/v2\/comments?post=5735"}],"version-history":[{"count":1,"href":"https:\/\/sfpturkiye.com\/blog\/wp-json\/wp\/v2\/posts\/5735\/revisions"}],"predecessor-version":[{"id":5737,"href":"https:\/\/sfpturkiye.com\/blog\/wp-json\/wp\/v2\/posts\/5735\/revisions\/5737"}],"wp:featuredmedia":[{"embeddable":true,"href":"https:\/\/sfpturkiye.com\/blog\/wp-json\/wp\/v2\/media\/5736"}],"wp:attachment":[{"href":"https:\/\/sfpturkiye.com\/blog\/wp-json\/wp\/v2\/media?parent=5735"}],"wp:term":[{"taxonomy":"category","embeddable":true,"href":"https:\/\/sfpturkiye.com\/blog\/wp-json\/wp\/v2\/categories?post=5735"},{"taxonomy":"post_tag","embeddable":true,"href":"https:\/\/sfpturkiye.com\/blog\/wp-json\/wp\/v2\/tags?post=5735"}],"curies":[{"name":"wp","href":"https:\/\/api.w.org\/{rel}","templated":true}]}}