{"id":6016,"date":"2026-04-29T09:00:42","date_gmt":"2026-04-29T06:00:42","guid":{"rendered":"https:\/\/sfpturkiye.com\/blog\/?p=6016"},"modified":"2026-03-06T16:13:05","modified_gmt":"2026-03-06T13:13:05","slug":"29-nisan-dunya-dans-gunu-2","status":"publish","type":"post","link":"https:\/\/sfpturkiye.com\/blog\/29-nisan-dunya-dans-gunu-2\/","title":{"rendered":"29 Nisan D\u00fcnya Dans G\u00fcn\u00fc"},"content":{"rendered":"<p>D\u00fcnya Dans G\u00fcn\u00fc\u2019nde, ritim ve hareketle hayat\u0131n enerjisini kutlaman\u0131n sevincini payla\u015f\u0131yoruz. Uluslararas\u0131 Dans Konseyi, dans\u0131n toplumsal ba\u011flar\u0131 g\u00fc\u00e7lendirme ve kendimizi ifade etme g\u00fcc\u00fcne dikkat \u00e7ekiyor. Bu \u00f6zel g\u00fcnde, enerjimizi ve ilham\u0131m\u0131z\u0131 payla\u015farak sanat\u0131 desteklemeye ve k\u00fclt\u00fcrel miras\u0131 ya\u015fatmaya birlikte devam edelim!<\/p>\n<p>&nbsp;<\/p>\n<p><a href=\"https:\/\/www.sfpturkiye.com\/\">https:\/\/www.sfpturkiye.com<\/a><\/p>\n<p><a href=\"http:\/\/sfpturkey.com.tr\/\">http:\/\/sfpturkey.com.tr<\/a><\/p>\n<p><a href=\"mailto:satis@sfpturkey.com.tr\">satis@sfpturkey.com.tr<\/a><\/p>\n<p><a href=\"mailto:info@sfpturkey.com.tr\">info@sfpturkey.com.tr<\/a><\/p>\n<p><a href=\"https:\/\/gigacomturkey.com\/\">https:\/\/gigacomturkey.com<\/a><\/p>\n<p><a href=\"https:\/\/gemaxxnetwork.com\/\">https:\/\/gemaxxnetwork.com<\/a><\/p>\n<p>02122705732 \u2013 0212270573<\/p>\n<p>&nbsp;<\/p>\n<p>#D\u00fcnyaDansG\u00fcn\u00fc, #29Nisan, #Dans, #Sanat, #K\u00fclt\u00fcr, #Yarat\u0131c\u0131l\u0131k<\/p>\n<p>&nbsp;<\/p>\n","protected":false},"excerpt":{"rendered":"<p>D\u00fcnya Dans G\u00fcn\u00fc\u2019nde, ritim ve hareketle hayat\u0131n enerjisini kutlaman\u0131n sevincini payla\u015f\u0131yoruz. Uluslararas\u0131 Dans Konseyi, dans\u0131n toplumsal ba\u011flar\u0131 g\u00fc\u00e7lendirme ve kendimizi ifade etme&hellip;<\/p>\n","protected":false},"author":2,"featured_media":6017,"comment_status":"open","ping_status":"open","sticky":false,"template":"","format":"standard","meta":[],"categories":[1],"tags":[3230,2899,1439,1367,1432,252,9,951,304,538,117,16,1166],"yoast_head":"<!-- This site is optimized with the Yoast SEO plugin v16.6.1 - https:\/\/yoast.com\/wordpress\/plugins\/seo\/ -->\n<title>29 Nisan D\u00fcnya Dans G\u00fcn\u00fc - SFPT\u00fcrkiye<\/title>\n<meta name=\"description\" content=\"D\u00fcnya Dans G\u00fcn\u00fc\u2019nde, ritim ve hareketle hayat\u0131n enerjisini kutlaman\u0131n sevincini payla\u015f\u0131yoruz. Uluslararas\u0131 Dans Konseyi, dans\u0131n toplumsal ba\u011flar\u0131 g\u00fc\u00e7lendirme ve kendimizi ifade etme g\u00fcc\u00fcne dikkat \u00e7ekiyor. Bu \u00f6zel g\u00fcnde, enerjimizi ve ilham\u0131m\u0131z\u0131 payla\u015farak sanat\u0131 desteklemeye ve k\u00fclt\u00fcrel miras\u0131 ya\u015fatmaya birlikte devam edelim!\" \/>\n<meta name=\"robots\" content=\"index, follow, max-snippet:-1, max-image-preview:large, max-video-preview:-1\" \/>\n<link rel=\"canonical\" href=\"https:\/\/sfpturkiye.com\/blog\/29-nisan-dunya-dans-gunu-2\/\" \/>\n<meta property=\"og:locale\" content=\"tr_TR\" \/>\n<meta property=\"og:type\" content=\"article\" \/>\n<meta property=\"og:title\" content=\"29 Nisan D\u00fcnya Dans G\u00fcn\u00fc - SFPT\u00fcrkiye\" \/>\n<meta property=\"og:description\" content=\"D\u00fcnya Dans G\u00fcn\u00fc\u2019nde, ritim ve hareketle hayat\u0131n enerjisini kutlaman\u0131n sevincini payla\u015f\u0131yoruz. Uluslararas\u0131 Dans Konseyi, dans\u0131n toplumsal ba\u011flar\u0131 g\u00fc\u00e7lendirme ve kendimizi ifade etme g\u00fcc\u00fcne dikkat \u00e7ekiyor. Bu \u00f6zel g\u00fcnde, enerjimizi ve ilham\u0131m\u0131z\u0131 payla\u015farak sanat\u0131 desteklemeye ve k\u00fclt\u00fcrel miras\u0131 ya\u015fatmaya birlikte devam edelim!\" \/>\n<meta property=\"og:url\" content=\"https:\/\/sfpturkiye.com\/blog\/29-nisan-dunya-dans-gunu-2\/\" \/>\n<meta property=\"og:site_name\" content=\"SFPT\u00fcrkiye\" \/>\n<meta property=\"article:published_time\" content=\"2026-04-29T06:00:42+00:00\" \/>\n<meta property=\"article:modified_time\" content=\"2026-03-06T13:13:05+00:00\" \/>\n<meta property=\"og:image\" content=\"https:\/\/sfpturkiye.com\/blog\/wp-content\/uploads\/2026\/03\/29-Nisan-Du\u0308nya-Dans-Gu\u0308nu\u0308-2024.jpeg\" \/>\n\t<meta property=\"og:image:width\" content=\"1080\" \/>\n\t<meta property=\"og:image:height\" content=\"1080\" \/>\n<meta name=\"twitter:card\" content=\"summary_large_image\" \/>\n<meta name=\"twitter:label1\" content=\"Tahmini okuma s\u00fcresi\" \/>\n\t<meta name=\"twitter:data1\" content=\"1 dakika\" \/>\n<script type=\"application\/ld+json\" class=\"yoast-schema-graph\">{\"@context\":\"https:\/\/schema.org\",\"@graph\":[{\"@type\":\"Organization\",\"@id\":\"https:\/\/sfpturkiye.com\/blog\/#organization\",\"name\":\"SFP T\\u00fcrkiye\",\"url\":\"https:\/\/sfpturkiye.com\/blog\/\",\"sameAs\":[],\"logo\":{\"@type\":\"ImageObject\",\"@id\":\"https:\/\/sfpturkiye.com\/blog\/#logo\",\"inLanguage\":\"tr\",\"url\":\"https:\/\/sfpturkiye.com\/blog\/wp-content\/uploads\/2019\/08\/sfpturkiyelogo.png\",\"contentUrl\":\"https:\/\/sfpturkiye.com\/blog\/wp-content\/uploads\/2019\/08\/sfpturkiyelogo.png\",\"width\":3500,\"height\":750,\"caption\":\"SFP T\\u00fcrkiye\"},\"image\":{\"@id\":\"https:\/\/sfpturkiye.com\/blog\/#logo\"}},{\"@type\":\"WebSite\",\"@id\":\"https:\/\/sfpturkiye.com\/blog\/#website\",\"url\":\"https:\/\/sfpturkiye.com\/blog\/\",\"name\":\"SFPT\\u00fcrkiye\",\"description\":\"SFP \\u00c7\\u00f6z\\u00fcm Merkeziniz\",\"publisher\":{\"@id\":\"https:\/\/sfpturkiye.com\/blog\/#organization\"},\"potentialAction\":[{\"@type\":\"SearchAction\",\"target\":{\"@type\":\"EntryPoint\",\"urlTemplate\":\"https:\/\/sfpturkiye.com\/blog\/?s={search_term_string}\"},\"query-input\":\"required name=search_term_string\"}],\"inLanguage\":\"tr\"},{\"@type\":\"ImageObject\",\"@id\":\"https:\/\/sfpturkiye.com\/blog\/29-nisan-dunya-dans-gunu-2\/#primaryimage\",\"inLanguage\":\"tr\",\"url\":\"https:\/\/sfpturkiye.com\/blog\/wp-content\/uploads\/2026\/03\/29-Nisan-Du\\u0308nya-Dans-Gu\\u0308nu\\u0308-2024.jpeg\",\"contentUrl\":\"https:\/\/sfpturkiye.com\/blog\/wp-content\/uploads\/2026\/03\/29-Nisan-Du\\u0308nya-Dans-Gu\\u0308nu\\u0308-2024.jpeg\",\"width\":1080,\"height\":1080},{\"@type\":\"WebPage\",\"@id\":\"https:\/\/sfpturkiye.com\/blog\/29-nisan-dunya-dans-gunu-2\/#webpage\",\"url\":\"https:\/\/sfpturkiye.com\/blog\/29-nisan-dunya-dans-gunu-2\/\",\"name\":\"29 Nisan D\\u00fcnya Dans G\\u00fcn\\u00fc - SFPT\\u00fcrkiye\",\"isPartOf\":{\"@id\":\"https:\/\/sfpturkiye.com\/blog\/#website\"},\"primaryImageOfPage\":{\"@id\":\"https:\/\/sfpturkiye.com\/blog\/29-nisan-dunya-dans-gunu-2\/#primaryimage\"},\"datePublished\":\"2026-04-29T06:00:42+00:00\",\"dateModified\":\"2026-03-06T13:13:05+00:00\",\"description\":\"D\\u00fcnya Dans G\\u00fcn\\u00fc\\u2019nde, ritim ve hareketle hayat\\u0131n enerjisini kutlaman\\u0131n sevincini payla\\u015f\\u0131yoruz. Uluslararas\\u0131 Dans Konseyi, dans\\u0131n toplumsal ba\\u011flar\\u0131 g\\u00fc\\u00e7lendirme ve kendimizi ifade etme g\\u00fcc\\u00fcne dikkat \\u00e7ekiyor. Bu \\u00f6zel g\\u00fcnde, enerjimizi ve ilham\\u0131m\\u0131z\\u0131 payla\\u015farak sanat\\u0131 desteklemeye ve k\\u00fclt\\u00fcrel miras\\u0131 ya\\u015fatmaya birlikte devam edelim!\",\"breadcrumb\":{\"@id\":\"https:\/\/sfpturkiye.com\/blog\/29-nisan-dunya-dans-gunu-2\/#breadcrumb\"},\"inLanguage\":\"tr\",\"potentialAction\":[{\"@type\":\"ReadAction\",\"target\":[\"https:\/\/sfpturkiye.com\/blog\/29-nisan-dunya-dans-gunu-2\/\"]}]},{\"@type\":\"BreadcrumbList\",\"@id\":\"https:\/\/sfpturkiye.com\/blog\/29-nisan-dunya-dans-gunu-2\/#breadcrumb\",\"itemListElement\":[{\"@type\":\"ListItem\",\"position\":1,\"name\":\"Ana sayfa\",\"item\":\"https:\/\/sfpturkiye.com\/blog\/\"},{\"@type\":\"ListItem\",\"position\":2,\"name\":\"29 Nisan D\\u00fcnya Dans G\\u00fcn\\u00fc\"}]},{\"@type\":\"Article\",\"@id\":\"https:\/\/sfpturkiye.com\/blog\/29-nisan-dunya-dans-gunu-2\/#article\",\"isPartOf\":{\"@id\":\"https:\/\/sfpturkiye.com\/blog\/29-nisan-dunya-dans-gunu-2\/#webpage\"},\"author\":{\"@id\":\"https:\/\/sfpturkiye.com\/blog\/#\/schema\/person\/24be1134d2b6cdbd69bc0b077684d1bc\"},\"headline\":\"29 Nisan D\\u00fcnya Dans G\\u00fcn\\u00fc\",\"datePublished\":\"2026-04-29T06:00:42+00:00\",\"dateModified\":\"2026-03-06T13:13:05+00:00\",\"mainEntityOfPage\":{\"@id\":\"https:\/\/sfpturkiye.com\/blog\/29-nisan-dunya-dans-gunu-2\/#webpage\"},\"wordCount\":103,\"commentCount\":0,\"publisher\":{\"@id\":\"https:\/\/sfpturkiye.com\/blog\/#organization\"},\"image\":{\"@id\":\"https:\/\/sfpturkiye.com\/blog\/29-nisan-dunya-dans-gunu-2\/#primaryimage\"},\"thumbnailUrl\":\"https:\/\/sfpturkiye.com\/blog\/wp-content\/uploads\/2026\/03\/29-Nisan-Du\\u0308nya-Dans-Gu\\u0308nu\\u0308-2024.jpeg\",\"keywords\":[\"#29Nisan\",\"#Sanat\",\"Dans\",\"D\\u00fcnyaDansG\\u00fcn\\u00fc\",\"K\\u00fclt\\u00fcr\",\"Patch Cord\",\"sfp t\\u00fcrkiye\",\"sfpturkey\",\"sfpturkiye\",\"spft\\u00fcrkiye\",\"Switch\",\"transceiver\",\"Yarat\\u0131c\\u0131l\\u0131k\"],\"articleSection\":[\"\\u00d6zel G\\u00fcnler\"],\"inLanguage\":\"tr\",\"potentialAction\":[{\"@type\":\"CommentAction\",\"name\":\"Comment\",\"target\":[\"https:\/\/sfpturkiye.com\/blog\/29-nisan-dunya-dans-gunu-2\/#respond\"]}]},{\"@type\":\"Person\",\"@id\":\"https:\/\/sfpturkiye.com\/blog\/#\/schema\/person\/24be1134d2b6cdbd69bc0b077684d1bc\",\"name\":\"SFPTurkiye Editor\",\"image\":{\"@type\":\"ImageObject\",\"@id\":\"https:\/\/sfpturkiye.com\/blog\/#personlogo\",\"inLanguage\":\"tr\",\"url\":\"https:\/\/secure.gravatar.com\/avatar\/8e9bce5c5d49831abd07d7dadf1c549f?s=96&d=blank&r=g\",\"contentUrl\":\"https:\/\/secure.gravatar.com\/avatar\/8e9bce5c5d49831abd07d7dadf1c549f?s=96&d=blank&r=g\",\"caption\":\"SFPTurkiye Editor\"},\"sameAs\":[\"http:\/\/www.sfpturkiye.com\"],\"url\":\"https:\/\/sfpturkiye.com\/blog\/author\/teknik\/\"}]}<\/script>\n<!-- \/ Yoast SEO plugin. -->","_links":{"self":[{"href":"https:\/\/sfpturkiye.com\/blog\/wp-json\/wp\/v2\/posts\/6016"}],"collection":[{"href":"https:\/\/sfpturkiye.com\/blog\/wp-json\/wp\/v2\/posts"}],"about":[{"href":"https:\/\/sfpturkiye.com\/blog\/wp-json\/wp\/v2\/types\/post"}],"author":[{"embeddable":true,"href":"https:\/\/sfpturkiye.com\/blog\/wp-json\/wp\/v2\/users\/2"}],"replies":[{"embeddable":true,"href":"https:\/\/sfpturkiye.com\/blog\/wp-json\/wp\/v2\/comments?post=6016"}],"version-history":[{"count":1,"href":"https:\/\/sfpturkiye.com\/blog\/wp-json\/wp\/v2\/posts\/6016\/revisions"}],"predecessor-version":[{"id":6018,"href":"https:\/\/sfpturkiye.com\/blog\/wp-json\/wp\/v2\/posts\/6016\/revisions\/6018"}],"wp:featuredmedia":[{"embeddable":true,"href":"https:\/\/sfpturkiye.com\/blog\/wp-json\/wp\/v2\/media\/6017"}],"wp:attachment":[{"href":"https:\/\/sfpturkiye.com\/blog\/wp-json\/wp\/v2\/media?parent=6016"}],"wp:term":[{"taxonomy":"category","embeddable":true,"href":"https:\/\/sfpturkiye.com\/blog\/wp-json\/wp\/v2\/categories?post=6016"},{"taxonomy":"post_tag","embeddable":true,"href":"https:\/\/sfpturkiye.com\/blog\/wp-json\/wp\/v2\/tags?post=6016"}],"curies":[{"name":"wp","href":"https:\/\/api.w.org\/{rel}","templated":true}]}}