{"id":6025,"date":"2026-05-01T09:00:49","date_gmt":"2026-05-01T06:00:49","guid":{"rendered":"https:\/\/sfpturkiye.com\/blog\/?p=6025"},"modified":"2026-04-17T13:29:50","modified_gmt":"2026-04-17T10:29:50","slug":"1-mayis-isci-ve-emekci-bayraminiz-kutlu-olsun","status":"publish","type":"post","link":"https:\/\/sfpturkiye.com\/blog\/1-mayis-isci-ve-emekci-bayraminiz-kutlu-olsun\/","title":{"rendered":"1 May\u0131s \u0130\u015f\u00e7i ve Emek\u00e7i Bayram\u0131n\u0131z Kutlu Olsun!"},"content":{"rendered":"<p class=\"p2\">Al\u0131n teriyle hizmet verip \u00fcretime ve hayata de\u011fer katan, eme\u011fiyle hayat\u0131n her alan\u0131n\u0131 \u015fekillendiren t\u00fcm \u00e7al\u0131\u015fanlar\u0131n 1 May\u0131s \u0130\u015f\u00e7i ve Emek\u00e7i Bayram\u0131\u2019n\u0131 en i\u00e7ten dileklerimizle kutlar\u0131z. Emek, s\u00fcrd\u00fcr\u00fclebilir kalk\u0131nman\u0131n ve g\u00fc\u00e7l\u00fc yar\u0131nlar\u0131n en temel yap\u0131 ta\u015f\u0131d\u0131r. Biz de bu bilin\u00e7le, sekt\u00f6r\u00fcm\u00fcze katk\u0131 sunmaya ve de\u011fer \u00fcretmeye kararl\u0131l\u0131kla devam ediyoruz.<\/p>\n<p class=\"p2\">https:\/\/www.sfpturkiye.com<\/p>\n<p class=\"p2\">http:\/\/sfpturkey.com.tr<\/p>\n<p class=\"p2\">satis@sfpturkey.com.tr<\/p>\n<p class=\"p2\">info@sfpturkey.com.tr<\/p>\n<p class=\"p2\">https:\/\/gigacomturkey.com<\/p>\n<p class=\"p2\">\n<blockquote class=\"wp-embedded-content\" data-secret=\"Co7sC5twzh\"><p><a href=\"https:\/\/gemaxxnetwork.com\/\">Ana Sayfa<\/a><\/p><\/blockquote>\n<p><iframe class=\"wp-embedded-content\" sandbox=\"allow-scripts\" security=\"restricted\" style=\"position: absolute; clip: rect(1px, 1px, 1px, 1px);\" title=\"&#8220;Ana Sayfa&#8221; &#8212; Gemaxx Network\" src=\"https:\/\/gemaxxnetwork.com\/embed\/#?secret=Co7sC5twzh\" data-secret=\"Co7sC5twzh\" width=\"600\" height=\"338\" frameborder=\"0\" marginwidth=\"0\" marginheight=\"0\" scrolling=\"no\"><\/iframe><\/p>\n<p class=\"p4\">02122705732 \u2013 0212270573<\/p>\n<p class=\"p5\"><span class=\"Apple-converted-space\">\u00a0<\/span><b>#1May\u0131s, #\u0130\u015f\u00e7iBayram\u0131, #EmekveDayan\u0131\u015fma<\/b><\/p>\n","protected":false},"excerpt":{"rendered":"<p>Al\u0131n teriyle hizmet verip \u00fcretime ve hayata de\u011fer katan, eme\u011fiyle hayat\u0131n her alan\u0131n\u0131 \u015fekillendiren t\u00fcm \u00e7al\u0131\u015fanlar\u0131n 1 May\u0131s \u0130\u015f\u00e7i ve Emek\u00e7i Bayram\u0131\u2019n\u0131&hellip;<\/p>\n","protected":false},"author":2,"featured_media":5568,"comment_status":"open","ping_status":"open","sticky":false,"template":"","format":"standard","meta":[],"categories":[1],"tags":[1380,1384,1382,252,9,951,304,538,16],"yoast_head":"<!-- This site is optimized with the Yoast SEO plugin v16.6.1 - https:\/\/yoast.com\/wordpress\/plugins\/seo\/ -->\n<title>1 May\u0131s \u0130\u015f\u00e7i ve Emek\u00e7i Bayram\u0131n\u0131z Kutlu Olsun! - SFPT\u00fcrkiye<\/title>\n<meta name=\"description\" content=\"Al\u0131n teriyle hizmet verip \u00fcretime ve hayata de\u011fer katan, eme\u011fiyle hayat\u0131n her alan\u0131n\u0131 \u015fekillendiren t\u00fcm \u00e7al\u0131\u015fanlar\u0131n 1 May\u0131s \u0130\u015f\u00e7i ve Emek\u00e7i Bayram\u0131\u2019n\u0131 en i\u00e7ten dileklerimizle kutlar\u0131z. Emek, s\u00fcrd\u00fcr\u00fclebilir kalk\u0131nman\u0131n ve g\u00fc\u00e7l\u00fc yar\u0131nlar\u0131n en temel yap\u0131 ta\u015f\u0131d\u0131r. Biz de bu bilin\u00e7le, sekt\u00f6r\u00fcm\u00fcze katk\u0131 sunmaya ve de\u011fer \u00fcretmeye kararl\u0131l\u0131kla devam ediyoruz.\" \/>\n<meta name=\"robots\" content=\"index, follow, max-snippet:-1, max-image-preview:large, max-video-preview:-1\" \/>\n<link rel=\"canonical\" href=\"https:\/\/sfpturkiye.com\/blog\/1-mayis-isci-ve-emekci-bayraminiz-kutlu-olsun\/\" \/>\n<meta property=\"og:locale\" content=\"tr_TR\" \/>\n<meta property=\"og:type\" content=\"article\" \/>\n<meta property=\"og:title\" content=\"1 May\u0131s \u0130\u015f\u00e7i ve Emek\u00e7i Bayram\u0131n\u0131z Kutlu Olsun! - SFPT\u00fcrkiye\" \/>\n<meta property=\"og:description\" content=\"Al\u0131n teriyle hizmet verip \u00fcretime ve hayata de\u011fer katan, eme\u011fiyle hayat\u0131n her alan\u0131n\u0131 \u015fekillendiren t\u00fcm \u00e7al\u0131\u015fanlar\u0131n 1 May\u0131s \u0130\u015f\u00e7i ve Emek\u00e7i Bayram\u0131\u2019n\u0131 en i\u00e7ten dileklerimizle kutlar\u0131z. Emek, s\u00fcrd\u00fcr\u00fclebilir kalk\u0131nman\u0131n ve g\u00fc\u00e7l\u00fc yar\u0131nlar\u0131n en temel yap\u0131 ta\u015f\u0131d\u0131r. Biz de bu bilin\u00e7le, sekt\u00f6r\u00fcm\u00fcze katk\u0131 sunmaya ve de\u011fer \u00fcretmeye kararl\u0131l\u0131kla devam ediyoruz.\" \/>\n<meta property=\"og:url\" content=\"https:\/\/sfpturkiye.com\/blog\/1-mayis-isci-ve-emekci-bayraminiz-kutlu-olsun\/\" \/>\n<meta property=\"og:site_name\" content=\"SFPT\u00fcrkiye\" \/>\n<meta property=\"article:published_time\" content=\"2026-05-01T06:00:49+00:00\" \/>\n<meta property=\"article:modified_time\" content=\"2026-04-17T10:29:50+00:00\" \/>\n<meta property=\"og:image\" content=\"https:\/\/sfpturkiye.com\/blog\/wp-content\/uploads\/2025\/04\/1-Mayis_Emek-ve-Dayanisma-Bayrami.jpg\" \/>\n\t<meta property=\"og:image:width\" content=\"1080\" \/>\n\t<meta property=\"og:image:height\" content=\"1080\" \/>\n<meta name=\"twitter:card\" content=\"summary_large_image\" \/>\n<meta name=\"twitter:label1\" content=\"Tahmini okuma s\u00fcresi\" \/>\n\t<meta name=\"twitter:data1\" content=\"1 dakika\" \/>\n<script type=\"application\/ld+json\" class=\"yoast-schema-graph\">{\"@context\":\"https:\/\/schema.org\",\"@graph\":[{\"@type\":\"Organization\",\"@id\":\"https:\/\/sfpturkiye.com\/blog\/#organization\",\"name\":\"SFP T\\u00fcrkiye\",\"url\":\"https:\/\/sfpturkiye.com\/blog\/\",\"sameAs\":[],\"logo\":{\"@type\":\"ImageObject\",\"@id\":\"https:\/\/sfpturkiye.com\/blog\/#logo\",\"inLanguage\":\"tr\",\"url\":\"https:\/\/sfpturkiye.com\/blog\/wp-content\/uploads\/2019\/08\/sfpturkiyelogo.png\",\"contentUrl\":\"https:\/\/sfpturkiye.com\/blog\/wp-content\/uploads\/2019\/08\/sfpturkiyelogo.png\",\"width\":3500,\"height\":750,\"caption\":\"SFP T\\u00fcrkiye\"},\"image\":{\"@id\":\"https:\/\/sfpturkiye.com\/blog\/#logo\"}},{\"@type\":\"WebSite\",\"@id\":\"https:\/\/sfpturkiye.com\/blog\/#website\",\"url\":\"https:\/\/sfpturkiye.com\/blog\/\",\"name\":\"SFPT\\u00fcrkiye\",\"description\":\"SFP \\u00c7\\u00f6z\\u00fcm Merkeziniz\",\"publisher\":{\"@id\":\"https:\/\/sfpturkiye.com\/blog\/#organization\"},\"potentialAction\":[{\"@type\":\"SearchAction\",\"target\":{\"@type\":\"EntryPoint\",\"urlTemplate\":\"https:\/\/sfpturkiye.com\/blog\/?s={search_term_string}\"},\"query-input\":\"required name=search_term_string\"}],\"inLanguage\":\"tr\"},{\"@type\":\"ImageObject\",\"@id\":\"https:\/\/sfpturkiye.com\/blog\/1-mayis-isci-ve-emekci-bayraminiz-kutlu-olsun\/#primaryimage\",\"inLanguage\":\"tr\",\"url\":\"https:\/\/sfpturkiye.com\/blog\/wp-content\/uploads\/2025\/04\/1-Mayis_Emek-ve-Dayanisma-Bayrami.jpg\",\"contentUrl\":\"https:\/\/sfpturkiye.com\/blog\/wp-content\/uploads\/2025\/04\/1-Mayis_Emek-ve-Dayanisma-Bayrami.jpg\",\"width\":1080,\"height\":1080},{\"@type\":\"WebPage\",\"@id\":\"https:\/\/sfpturkiye.com\/blog\/1-mayis-isci-ve-emekci-bayraminiz-kutlu-olsun\/#webpage\",\"url\":\"https:\/\/sfpturkiye.com\/blog\/1-mayis-isci-ve-emekci-bayraminiz-kutlu-olsun\/\",\"name\":\"1 May\\u0131s \\u0130\\u015f\\u00e7i ve Emek\\u00e7i Bayram\\u0131n\\u0131z Kutlu Olsun! - SFPT\\u00fcrkiye\",\"isPartOf\":{\"@id\":\"https:\/\/sfpturkiye.com\/blog\/#website\"},\"primaryImageOfPage\":{\"@id\":\"https:\/\/sfpturkiye.com\/blog\/1-mayis-isci-ve-emekci-bayraminiz-kutlu-olsun\/#primaryimage\"},\"datePublished\":\"2026-05-01T06:00:49+00:00\",\"dateModified\":\"2026-04-17T10:29:50+00:00\",\"description\":\"Al\\u0131n teriyle hizmet verip \\u00fcretime ve hayata de\\u011fer katan, eme\\u011fiyle hayat\\u0131n her alan\\u0131n\\u0131 \\u015fekillendiren t\\u00fcm \\u00e7al\\u0131\\u015fanlar\\u0131n 1 May\\u0131s \\u0130\\u015f\\u00e7i ve Emek\\u00e7i Bayram\\u0131\\u2019n\\u0131 en i\\u00e7ten dileklerimizle kutlar\\u0131z. Emek, s\\u00fcrd\\u00fcr\\u00fclebilir kalk\\u0131nman\\u0131n ve g\\u00fc\\u00e7l\\u00fc yar\\u0131nlar\\u0131n en temel yap\\u0131 ta\\u015f\\u0131d\\u0131r. Biz de bu bilin\\u00e7le, sekt\\u00f6r\\u00fcm\\u00fcze katk\\u0131 sunmaya ve de\\u011fer \\u00fcretmeye kararl\\u0131l\\u0131kla devam ediyoruz.\",\"breadcrumb\":{\"@id\":\"https:\/\/sfpturkiye.com\/blog\/1-mayis-isci-ve-emekci-bayraminiz-kutlu-olsun\/#breadcrumb\"},\"inLanguage\":\"tr\",\"potentialAction\":[{\"@type\":\"ReadAction\",\"target\":[\"https:\/\/sfpturkiye.com\/blog\/1-mayis-isci-ve-emekci-bayraminiz-kutlu-olsun\/\"]}]},{\"@type\":\"BreadcrumbList\",\"@id\":\"https:\/\/sfpturkiye.com\/blog\/1-mayis-isci-ve-emekci-bayraminiz-kutlu-olsun\/#breadcrumb\",\"itemListElement\":[{\"@type\":\"ListItem\",\"position\":1,\"name\":\"Ana sayfa\",\"item\":\"https:\/\/sfpturkiye.com\/blog\/\"},{\"@type\":\"ListItem\",\"position\":2,\"name\":\"1 May\\u0131s \\u0130\\u015f\\u00e7i ve Emek\\u00e7i Bayram\\u0131n\\u0131z Kutlu Olsun!\"}]},{\"@type\":\"Article\",\"@id\":\"https:\/\/sfpturkiye.com\/blog\/1-mayis-isci-ve-emekci-bayraminiz-kutlu-olsun\/#article\",\"isPartOf\":{\"@id\":\"https:\/\/sfpturkiye.com\/blog\/1-mayis-isci-ve-emekci-bayraminiz-kutlu-olsun\/#webpage\"},\"author\":{\"@id\":\"https:\/\/sfpturkiye.com\/blog\/#\/schema\/person\/24be1134d2b6cdbd69bc0b077684d1bc\"},\"headline\":\"1 May\\u0131s \\u0130\\u015f\\u00e7i ve Emek\\u00e7i Bayram\\u0131n\\u0131z Kutlu Olsun!\",\"datePublished\":\"2026-05-01T06:00:49+00:00\",\"dateModified\":\"2026-04-17T10:29:50+00:00\",\"mainEntityOfPage\":{\"@id\":\"https:\/\/sfpturkiye.com\/blog\/1-mayis-isci-ve-emekci-bayraminiz-kutlu-olsun\/#webpage\"},\"wordCount\":116,\"commentCount\":0,\"publisher\":{\"@id\":\"https:\/\/sfpturkiye.com\/blog\/#organization\"},\"image\":{\"@id\":\"https:\/\/sfpturkiye.com\/blog\/1-mayis-isci-ve-emekci-bayraminiz-kutlu-olsun\/#primaryimage\"},\"thumbnailUrl\":\"https:\/\/sfpturkiye.com\/blog\/wp-content\/uploads\/2025\/04\/1-Mayis_Emek-ve-Dayanisma-Bayrami.jpg\",\"keywords\":[\"1May\\u0131s\",\"EmekveDayanisma\",\"\\u0130\\u015f\\u00e7iBayram\\u0131\",\"Patch Cord\",\"sfp t\\u00fcrkiye\",\"sfpturkey\",\"sfpturkiye\",\"spft\\u00fcrkiye\",\"transceiver\"],\"articleSection\":[\"\\u00d6zel G\\u00fcnler\"],\"inLanguage\":\"tr\",\"potentialAction\":[{\"@type\":\"CommentAction\",\"name\":\"Comment\",\"target\":[\"https:\/\/sfpturkiye.com\/blog\/1-mayis-isci-ve-emekci-bayraminiz-kutlu-olsun\/#respond\"]}]},{\"@type\":\"Person\",\"@id\":\"https:\/\/sfpturkiye.com\/blog\/#\/schema\/person\/24be1134d2b6cdbd69bc0b077684d1bc\",\"name\":\"SFPTurkiye Editor\",\"image\":{\"@type\":\"ImageObject\",\"@id\":\"https:\/\/sfpturkiye.com\/blog\/#personlogo\",\"inLanguage\":\"tr\",\"url\":\"https:\/\/secure.gravatar.com\/avatar\/8e9bce5c5d49831abd07d7dadf1c549f?s=96&d=blank&r=g\",\"contentUrl\":\"https:\/\/secure.gravatar.com\/avatar\/8e9bce5c5d49831abd07d7dadf1c549f?s=96&d=blank&r=g\",\"caption\":\"SFPTurkiye Editor\"},\"sameAs\":[\"http:\/\/www.sfpturkiye.com\"],\"url\":\"https:\/\/sfpturkiye.com\/blog\/author\/teknik\/\"}]}<\/script>\n<!-- \/ Yoast SEO plugin. -->","_links":{"self":[{"href":"https:\/\/sfpturkiye.com\/blog\/wp-json\/wp\/v2\/posts\/6025"}],"collection":[{"href":"https:\/\/sfpturkiye.com\/blog\/wp-json\/wp\/v2\/posts"}],"about":[{"href":"https:\/\/sfpturkiye.com\/blog\/wp-json\/wp\/v2\/types\/post"}],"author":[{"embeddable":true,"href":"https:\/\/sfpturkiye.com\/blog\/wp-json\/wp\/v2\/users\/2"}],"replies":[{"embeddable":true,"href":"https:\/\/sfpturkiye.com\/blog\/wp-json\/wp\/v2\/comments?post=6025"}],"version-history":[{"count":1,"href":"https:\/\/sfpturkiye.com\/blog\/wp-json\/wp\/v2\/posts\/6025\/revisions"}],"predecessor-version":[{"id":6026,"href":"https:\/\/sfpturkiye.com\/blog\/wp-json\/wp\/v2\/posts\/6025\/revisions\/6026"}],"wp:featuredmedia":[{"embeddable":true,"href":"https:\/\/sfpturkiye.com\/blog\/wp-json\/wp\/v2\/media\/5568"}],"wp:attachment":[{"href":"https:\/\/sfpturkiye.com\/blog\/wp-json\/wp\/v2\/media?parent=6025"}],"wp:term":[{"taxonomy":"category","embeddable":true,"href":"https:\/\/sfpturkiye.com\/blog\/wp-json\/wp\/v2\/categories?post=6025"},{"taxonomy":"post_tag","embeddable":true,"href":"https:\/\/sfpturkiye.com\/blog\/wp-json\/wp\/v2\/tags?post=6025"}],"curies":[{"name":"wp","href":"https:\/\/api.w.org\/{rel}","templated":true}]}}