{"id":6137,"date":"2026-09-01T08:56:16","date_gmt":"2026-09-01T05:56:16","guid":{"rendered":"https:\/\/sfpturkiye.com\/blog\/?p=6137"},"modified":"2026-08-18T09:59:16","modified_gmt":"2026-08-18T06:59:16","slug":"1-eylul-dunya-baris-gunu-3","status":"publish","type":"post","link":"https:\/\/sfpturkiye.com\/blog\/1-eylul-dunya-baris-gunu-3\/","title":{"rendered":"1 Eyl\u00fcl D\u00fcnya Bar\u0131\u015f G\u00fcn\u00fc"},"content":{"rendered":"<p style=\"font-weight: 400;\">Bar\u0131\u015f; yaln\u0131zca sava\u015flar\u0131n sona ermesi de\u011fil, insanlar\u0131n birbirini anlamas\u0131, farkl\u0131l\u0131klar\u0131na sayg\u0131 duymas\u0131 ve gelece\u011fe umutla bakabilmesidir.<\/p>\n<p style=\"font-weight: 400;\">Bug\u00fcn, d\u00fcnyan\u0131n her k\u00f6\u015fesinde bar\u0131\u015f\u0131n, huzurun ve karde\u015fli\u011fin h\u00e2kim oldu\u011fu bir gelecek dile\u011fimizi bir kez daha ifade ediyoruz. Farkl\u0131l\u0131klar\u0131m\u0131z\u0131n bizi ay\u0131rmak yerine zenginle\u015ftirdi\u011fi, sevgi ve sayg\u0131n\u0131n hayat\u0131m\u0131z\u0131n her alan\u0131nda \u00e7o\u011fald\u0131\u011f\u0131 bir d\u00fcnya hepimizin ortak dile\u011fi.<\/p>\n<p style=\"font-weight: 400;\">Gelecek nesillere b\u0131rakabilece\u011fimiz en de\u011ferli miras; g\u00fcven i\u00e7inde ya\u015fayabilecekleri, birbirlerine sayg\u0131 duyduklar\u0131 ve umutla yar\u0131nlara bakabildikleri bir d\u00fcnyad\u0131r.<\/p>\n<p style=\"font-weight: 400;\"><strong>Bar\u0131\u015f\u0131n, dayan\u0131\u015fman\u0131n ve umudun \u00e7o\u011fald\u0131\u011f\u0131 bir d\u00fcnya i\u00e7in hep birlikte\u2026<\/strong><\/p>\n<p style=\"font-weight: 400;\">1 Eyl\u00fcl D\u00fcnya Bar\u0131\u015f G\u00fcn\u00fc kutlu olsun. \ud83d\udd4a\ufe0f\ud83c\udf0d<\/p>\n<p style=\"font-weight: 400;\">#D\u00fcnyaBar\u0131\u015fG\u00fcn\u00fc #1Eyl\u00fcl #Bar\u0131\u015f #Huzur #Dayan\u0131\u015fma #BirlikteGelece\u011fe #Umut #Peace<\/p>\n<p>&nbsp;<\/p>\n<p><a href=\"https:\/\/www.sfpturkiye.com\/\">https:\/\/www.sfpturkiye.com<\/a><\/p>\n<p><a href=\"http:\/\/sfpturkey.com.tr\/\">http:\/\/sfpturkey.com.tr<\/a><\/p>\n<p><a href=\"mailto:satis@sfpturkey.com.tr\">satis@sfpturkey.com.tr<\/a><\/p>\n<p><a href=\"mailto:info@sfpturkey.com.tr\">info@sfpturkey.com.tr<\/a><\/p>\n<p><a href=\"https:\/\/gigacomturkey.com\/\">https:\/\/gigacomturkey.com<\/a><\/p>\n<p><a href=\"https:\/\/gemaxxnetwork.com\/\">https:\/\/gemaxxnetwork.com<\/a><\/p>\n<p>02122705732 \u2013 02122705737<\/p>\n<p>&nbsp;<\/p>\n<p>#D\u00fcnyaBar\u0131\u015fG\u00fcn\u00fc #PeaceDay #Bar\u0131\u015f\u0130\u00e7inSesVer #Empati #\u0130nsanHaklar\u0131<\/p>\n","protected":false},"excerpt":{"rendered":"<p>Bar\u0131\u015f; yaln\u0131zca sava\u015flar\u0131n sona ermesi de\u011fil, insanlar\u0131n birbirini anlamas\u0131, farkl\u0131l\u0131klar\u0131na sayg\u0131 duymas\u0131 ve gelece\u011fe umutla bakabilmesidir. Bug\u00fcn, d\u00fcnyan\u0131n her k\u00f6\u015fesinde bar\u0131\u015f\u0131n, huzurun&hellip;<\/p>\n","protected":false},"author":2,"featured_media":5698,"comment_status":"open","ping_status":"open","sticky":false,"template":"","format":"standard","meta":[],"categories":[1],"tags":[2930,3014,2605,2176,744,252,2181,2,4,9,951,304,538,16],"yoast_head":"<!-- This site is optimized with the Yoast SEO plugin v16.6.1 - https:\/\/yoast.com\/wordpress\/plugins\/seo\/ -->\n<title>1 Eyl\u00fcl D\u00fcnya Bar\u0131\u015f G\u00fcn\u00fc - SFPT\u00fcrkiye<\/title>\n<meta name=\"description\" content=\"Bar\u0131\u015f, sadece sava\u015f\u0131n sona ermesi de\u011fil, ayn\u0131 zamanda insan haklar\u0131n\u0131n korunmas\u0131, sosyal adaletin sa\u011flanmas\u0131 ve toplumlar aras\u0131nda ho\u015fg\u00f6r\u00fcn\u00fcn te\u015fvik edilmesidir. Ya\u015fad\u0131\u011f\u0131m\u0131z bu \u00e7a\u011fda din, dil, \u0131rk, mezhep gibi toplumsal farkl\u0131l\u0131klar\u0131n sava\u015fa sebep olmamas\u0131n\u0131 diliyor, 1 Eyl\u00fcl D\u00fcnya Bar\u0131\u015f G\u00fcn\u00fc vesilesiyle, herkesin bar\u0131\u015f dolu bir d\u00fcnya i\u00e7in \u00e7aba g\u00f6stermesini temenni ediyoruz. Birlikte, bar\u0131\u015f dolu yar\u0131nlara y\u00fcr\u00fcyelim.\" \/>\n<meta name=\"robots\" content=\"index, follow, max-snippet:-1, max-image-preview:large, max-video-preview:-1\" \/>\n<link rel=\"canonical\" href=\"https:\/\/sfpturkiye.com\/blog\/1-eylul-dunya-baris-gunu-3\/\" \/>\n<meta property=\"og:locale\" content=\"tr_TR\" \/>\n<meta property=\"og:type\" content=\"article\" \/>\n<meta property=\"og:title\" content=\"1 Eyl\u00fcl D\u00fcnya Bar\u0131\u015f G\u00fcn\u00fc - SFPT\u00fcrkiye\" \/>\n<meta property=\"og:description\" content=\"Bar\u0131\u015f, sadece sava\u015f\u0131n sona ermesi de\u011fil, ayn\u0131 zamanda insan haklar\u0131n\u0131n korunmas\u0131, sosyal adaletin sa\u011flanmas\u0131 ve toplumlar aras\u0131nda ho\u015fg\u00f6r\u00fcn\u00fcn te\u015fvik edilmesidir. Ya\u015fad\u0131\u011f\u0131m\u0131z bu \u00e7a\u011fda din, dil, \u0131rk, mezhep gibi toplumsal farkl\u0131l\u0131klar\u0131n sava\u015fa sebep olmamas\u0131n\u0131 diliyor, 1 Eyl\u00fcl D\u00fcnya Bar\u0131\u015f G\u00fcn\u00fc vesilesiyle, herkesin bar\u0131\u015f dolu bir d\u00fcnya i\u00e7in \u00e7aba g\u00f6stermesini temenni ediyoruz. Birlikte, bar\u0131\u015f dolu yar\u0131nlara y\u00fcr\u00fcyelim.\" \/>\n<meta property=\"og:url\" content=\"https:\/\/sfpturkiye.com\/blog\/1-eylul-dunya-baris-gunu-3\/\" \/>\n<meta property=\"og:site_name\" content=\"SFPT\u00fcrkiye\" \/>\n<meta property=\"article:published_time\" content=\"2026-09-01T05:56:16+00:00\" \/>\n<meta property=\"article:modified_time\" content=\"2026-08-18T06:59:16+00:00\" \/>\n<meta property=\"og:image\" content=\"https:\/\/sfpturkiye.com\/blog\/wp-content\/uploads\/2025\/08\/1-Eylul_-Dunya-Baris-Gunu.jpg\" \/>\n\t<meta property=\"og:image:width\" content=\"1080\" \/>\n\t<meta property=\"og:image:height\" content=\"1080\" \/>\n<meta name=\"twitter:card\" content=\"summary_large_image\" \/>\n<meta name=\"twitter:label1\" content=\"Tahmini okuma s\u00fcresi\" \/>\n\t<meta name=\"twitter:data1\" content=\"1 dakika\" \/>\n<script type=\"application\/ld+json\" class=\"yoast-schema-graph\">{\"@context\":\"https:\/\/schema.org\",\"@graph\":[{\"@type\":\"Organization\",\"@id\":\"https:\/\/sfpturkiye.com\/blog\/#organization\",\"name\":\"SFP T\\u00fcrkiye\",\"url\":\"https:\/\/sfpturkiye.com\/blog\/\",\"sameAs\":[],\"logo\":{\"@type\":\"ImageObject\",\"@id\":\"https:\/\/sfpturkiye.com\/blog\/#logo\",\"inLanguage\":\"tr\",\"url\":\"https:\/\/sfpturkiye.com\/blog\/wp-content\/uploads\/2019\/08\/sfpturkiyelogo.png\",\"contentUrl\":\"https:\/\/sfpturkiye.com\/blog\/wp-content\/uploads\/2019\/08\/sfpturkiyelogo.png\",\"width\":3500,\"height\":750,\"caption\":\"SFP T\\u00fcrkiye\"},\"image\":{\"@id\":\"https:\/\/sfpturkiye.com\/blog\/#logo\"}},{\"@type\":\"WebSite\",\"@id\":\"https:\/\/sfpturkiye.com\/blog\/#website\",\"url\":\"https:\/\/sfpturkiye.com\/blog\/\",\"name\":\"SFPT\\u00fcrkiye\",\"description\":\"SFP \\u00c7\\u00f6z\\u00fcm Merkeziniz\",\"publisher\":{\"@id\":\"https:\/\/sfpturkiye.com\/blog\/#organization\"},\"potentialAction\":[{\"@type\":\"SearchAction\",\"target\":{\"@type\":\"EntryPoint\",\"urlTemplate\":\"https:\/\/sfpturkiye.com\/blog\/?s={search_term_string}\"},\"query-input\":\"required name=search_term_string\"}],\"inLanguage\":\"tr\"},{\"@type\":\"ImageObject\",\"@id\":\"https:\/\/sfpturkiye.com\/blog\/1-eylul-dunya-baris-gunu-3\/#primaryimage\",\"inLanguage\":\"tr\",\"url\":\"https:\/\/sfpturkiye.com\/blog\/wp-content\/uploads\/2025\/08\/1-Eylul_-Dunya-Baris-Gunu.jpg\",\"contentUrl\":\"https:\/\/sfpturkiye.com\/blog\/wp-content\/uploads\/2025\/08\/1-Eylul_-Dunya-Baris-Gunu.jpg\",\"width\":1080,\"height\":1080},{\"@type\":\"WebPage\",\"@id\":\"https:\/\/sfpturkiye.com\/blog\/1-eylul-dunya-baris-gunu-3\/#webpage\",\"url\":\"https:\/\/sfpturkiye.com\/blog\/1-eylul-dunya-baris-gunu-3\/\",\"name\":\"1 Eyl\\u00fcl D\\u00fcnya Bar\\u0131\\u015f G\\u00fcn\\u00fc - SFPT\\u00fcrkiye\",\"isPartOf\":{\"@id\":\"https:\/\/sfpturkiye.com\/blog\/#website\"},\"primaryImageOfPage\":{\"@id\":\"https:\/\/sfpturkiye.com\/blog\/1-eylul-dunya-baris-gunu-3\/#primaryimage\"},\"datePublished\":\"2026-09-01T05:56:16+00:00\",\"dateModified\":\"2026-08-18T06:59:16+00:00\",\"description\":\"Bar\\u0131\\u015f, sadece sava\\u015f\\u0131n sona ermesi de\\u011fil, ayn\\u0131 zamanda insan haklar\\u0131n\\u0131n korunmas\\u0131, sosyal adaletin sa\\u011flanmas\\u0131 ve toplumlar aras\\u0131nda ho\\u015fg\\u00f6r\\u00fcn\\u00fcn te\\u015fvik edilmesidir. Ya\\u015fad\\u0131\\u011f\\u0131m\\u0131z bu \\u00e7a\\u011fda din, dil, \\u0131rk, mezhep gibi toplumsal farkl\\u0131l\\u0131klar\\u0131n sava\\u015fa sebep olmamas\\u0131n\\u0131 diliyor, 1 Eyl\\u00fcl D\\u00fcnya Bar\\u0131\\u015f G\\u00fcn\\u00fc vesilesiyle, herkesin bar\\u0131\\u015f dolu bir d\\u00fcnya i\\u00e7in \\u00e7aba g\\u00f6stermesini temenni ediyoruz. Birlikte, bar\\u0131\\u015f dolu yar\\u0131nlara y\\u00fcr\\u00fcyelim.\",\"breadcrumb\":{\"@id\":\"https:\/\/sfpturkiye.com\/blog\/1-eylul-dunya-baris-gunu-3\/#breadcrumb\"},\"inLanguage\":\"tr\",\"potentialAction\":[{\"@type\":\"ReadAction\",\"target\":[\"https:\/\/sfpturkiye.com\/blog\/1-eylul-dunya-baris-gunu-3\/\"]}]},{\"@type\":\"BreadcrumbList\",\"@id\":\"https:\/\/sfpturkiye.com\/blog\/1-eylul-dunya-baris-gunu-3\/#breadcrumb\",\"itemListElement\":[{\"@type\":\"ListItem\",\"position\":1,\"name\":\"Ana sayfa\",\"item\":\"https:\/\/sfpturkiye.com\/blog\/\"},{\"@type\":\"ListItem\",\"position\":2,\"name\":\"1 Eyl\\u00fcl D\\u00fcnya Bar\\u0131\\u015f G\\u00fcn\\u00fc\"}]},{\"@type\":\"Article\",\"@id\":\"https:\/\/sfpturkiye.com\/blog\/1-eylul-dunya-baris-gunu-3\/#article\",\"isPartOf\":{\"@id\":\"https:\/\/sfpturkiye.com\/blog\/1-eylul-dunya-baris-gunu-3\/#webpage\"},\"author\":{\"@id\":\"https:\/\/sfpturkiye.com\/blog\/#\/schema\/person\/24be1134d2b6cdbd69bc0b077684d1bc\"},\"headline\":\"1 Eyl\\u00fcl D\\u00fcnya Bar\\u0131\\u015f G\\u00fcn\\u00fc\",\"datePublished\":\"2026-09-01T05:56:16+00:00\",\"dateModified\":\"2026-08-18T06:59:16+00:00\",\"mainEntityOfPage\":{\"@id\":\"https:\/\/sfpturkiye.com\/blog\/1-eylul-dunya-baris-gunu-3\/#webpage\"},\"wordCount\":193,\"commentCount\":0,\"publisher\":{\"@id\":\"https:\/\/sfpturkiye.com\/blog\/#organization\"},\"image\":{\"@id\":\"https:\/\/sfpturkiye.com\/blog\/1-eylul-dunya-baris-gunu-3\/#primaryimage\"},\"thumbnailUrl\":\"https:\/\/sfpturkiye.com\/blog\/wp-content\/uploads\/2025\/08\/1-Eylul_-Dunya-Baris-Gunu.jpg\",\"keywords\":[\"#Bar\\u0131\\u015f\\u0130\\u00e7inSesVer\",\"#Empati\",\"#\\u0130nsanHaklar\\u0131\",\"D\\u00fcnyaBar\\u0131\\u015fG\\u00fcn\\u00fc\",\"Mod\\u00fcl\",\"Patch Cord\",\"PeaceDay\",\"sfp\",\"sfp mod\\u00fcl\",\"sfp t\\u00fcrkiye\",\"sfpturkey\",\"sfpturkiye\",\"spft\\u00fcrkiye\",\"transceiver\"],\"articleSection\":[\"\\u00d6zel G\\u00fcnler\"],\"inLanguage\":\"tr\",\"potentialAction\":[{\"@type\":\"CommentAction\",\"name\":\"Comment\",\"target\":[\"https:\/\/sfpturkiye.com\/blog\/1-eylul-dunya-baris-gunu-3\/#respond\"]}]},{\"@type\":\"Person\",\"@id\":\"https:\/\/sfpturkiye.com\/blog\/#\/schema\/person\/24be1134d2b6cdbd69bc0b077684d1bc\",\"name\":\"SFPTurkiye Editor\",\"image\":{\"@type\":\"ImageObject\",\"@id\":\"https:\/\/sfpturkiye.com\/blog\/#personlogo\",\"inLanguage\":\"tr\",\"url\":\"https:\/\/secure.gravatar.com\/avatar\/8e9bce5c5d49831abd07d7dadf1c549f?s=96&d=blank&r=g\",\"contentUrl\":\"https:\/\/secure.gravatar.com\/avatar\/8e9bce5c5d49831abd07d7dadf1c549f?s=96&d=blank&r=g\",\"caption\":\"SFPTurkiye Editor\"},\"sameAs\":[\"http:\/\/www.sfpturkiye.com\"],\"url\":\"https:\/\/sfpturkiye.com\/blog\/author\/teknik\/\"}]}<\/script>\n<!-- \/ Yoast SEO plugin. -->","_links":{"self":[{"href":"https:\/\/sfpturkiye.com\/blog\/wp-json\/wp\/v2\/posts\/6137"}],"collection":[{"href":"https:\/\/sfpturkiye.com\/blog\/wp-json\/wp\/v2\/posts"}],"about":[{"href":"https:\/\/sfpturkiye.com\/blog\/wp-json\/wp\/v2\/types\/post"}],"author":[{"embeddable":true,"href":"https:\/\/sfpturkiye.com\/blog\/wp-json\/wp\/v2\/users\/2"}],"replies":[{"embeddable":true,"href":"https:\/\/sfpturkiye.com\/blog\/wp-json\/wp\/v2\/comments?post=6137"}],"version-history":[{"count":2,"href":"https:\/\/sfpturkiye.com\/blog\/wp-json\/wp\/v2\/posts\/6137\/revisions"}],"predecessor-version":[{"id":6163,"href":"https:\/\/sfpturkiye.com\/blog\/wp-json\/wp\/v2\/posts\/6137\/revisions\/6163"}],"wp:featuredmedia":[{"embeddable":true,"href":"https:\/\/sfpturkiye.com\/blog\/wp-json\/wp\/v2\/media\/5698"}],"wp:attachment":[{"href":"https:\/\/sfpturkiye.com\/blog\/wp-json\/wp\/v2\/media?parent=6137"}],"wp:term":[{"taxonomy":"category","embeddable":true,"href":"https:\/\/sfpturkiye.com\/blog\/wp-json\/wp\/v2\/categories?post=6137"},{"taxonomy":"post_tag","embeddable":true,"href":"https:\/\/sfpturkiye.com\/blog\/wp-json\/wp\/v2\/tags?post=6137"}],"curies":[{"name":"wp","href":"https:\/\/api.w.org\/{rel}","templated":true}]}}